{"id":4484,"date":"2025-05-28T10:23:02","date_gmt":"2025-05-28T10:23:02","guid":{"rendered":"https:\/\/frankrechsteiner.de\/you-are-not-on-this-earth-to-stop-at-base-1\/"},"modified":"2025-06-04T15:11:55","modified_gmt":"2025-06-04T15:11:55","slug":"you-are-not-on-this-earth-to-stop-at-base-1","status":"publish","type":"post","link":"https:\/\/frankrechsteiner.de\/en\/you-are-not-on-this-earth-to-stop-at-base-1\/","title":{"rendered":"You are not on this earth to stop at Base 1."},"content":{"rendered":"\n<p>You can feel it.<br\/>There&#8217;s more.<br\/>More courage. More life. More you.  <\/p>\n\n<p>But what are you doing?<\/p>\n\n<p>You stand still. Because it&#8217;s safe. Because that&#8217;s what you do. Because&#8230; yes, why actually?   <\/p>\n\n<p>In the new episode of <em>\u201cCan you feel yourself?\u201d<\/em> we break down exactly that:<br\/>Why we tell ourselves that security is better than freedom.<br\/>Why we&#8217;d rather suffer in silence than live out loud.<br\/>And what it <strong>really<\/strong> takes to take the next damn step.<\/p>\n\n<ul class=\"wp-block-list\">\n<li>Self-confidence<\/li>\n\n\n\n<li>Decision<\/li>\n\n\n\n<li>MUT<\/li>\n\n\n\n<li>And then: self-confidence<\/li>\n<\/ul>\n\n<p><\/p>\n\n<p>You <strong>don&#8217;t<\/strong> need to know what the whole path looks like.<br\/>You only need to take <strong>one step<\/strong> &#8211; the first out of Base 1.<br\/>Because:<br\/><strong>Nobody hits a home run with the handbrake on.<\/strong><\/p>\n\n<p>I know that feeling.<br\/>The fear. The trembling. The moment before the jump.<br\/>But I promise you:    <strong>It&#8217;s worth it. Always. <\/strong><\/p>\n\n<p><\/p>\n\n<p>Listen to the episode. And then stop telling yourself stories about why it doesn&#8217;t work. <\/p>\n\n<p><\/p>\n\n<figure class=\"wp-block-embed is-type-rich is-provider-spotify wp-block-embed-spotify wp-embed-aspect-21-9 wp-has-aspect-ratio\"><div class=\"wp-block-embed__wrapper\">\n<iframe title=\"Spotify Embed: #024 Mut und Selbstvertrauen\" style=\"border-radius: 12px\" width=\"100%\" height=\"152\" frameborder=\"0\" allowfullscreen allow=\"autoplay; clipboard-write; encrypted-media; fullscreen; picture-in-picture\" loading=\"lazy\" src=\"https:\/\/open.spotify.com\/embed\/episode\/4U3QsIBiyYSyPUx7d8bkI2?si=iplBwn1eSWOQKKF5H_9bog&#038;utm_source=oembed\"><\/iframe>\n<\/div><\/figure>\n\n<p><\/p>\n\n<p><\/p>\n\n<p>and at <a href=\"https:\/\/podcasts.apple.com\/us\/podcast\/024-mut-und-selbstvertrauen\/id1761337825?i=1000710248664\">Apple Podcasts<\/a><\/p>\n\n<p><\/p>\n","protected":false},"excerpt":{"rendered":"<p>You can feel it.There&#8217;s more.More courage. More life. More you. But what are you doing? You stand still. Because it&#8217;s safe. Because that&#8217;s what you do. Because&#8230; yes, why actually? In the new episode of \u201cCan you feel yourself?\u201d we break down exactly that:Why we tell ourselves that security is better than freedom.Why we&#8217;d rather [&hellip;]<\/p>\n","protected":false},"author":4,"featured_media":4234,"comment_status":"closed","ping_status":"closed","sticky":false,"template":"","format":"standard","meta":{"_et_pb_use_builder":"","_et_pb_old_content":"","_et_gb_content_width":"","inline_featured_image":false,"footnotes":""},"categories":[262],"tags":[263,383,366,382],"class_list":["post-4484","post","type-post","status-publish","format-standard","has-post-thumbnail","hentry","category-blog-en","tag-courage","tag-decision","tag-feel","tag-self-confidence"],"yoast_head":"<!-- This site is optimized with the Yoast SEO plugin v27.3 - https:\/\/yoast.com\/product\/yoast-seo-wordpress\/ -->\n<title>You are not on this earth to stop at Base 1. - frankrechsteiner.de<\/title>\n<meta name=\"robots\" content=\"index, follow, max-snippet:-1, max-image-preview:large, max-video-preview:-1\" \/>\n<link rel=\"canonical\" href=\"https:\/\/frankrechsteiner.de\/en\/you-are-not-on-this-earth-to-stop-at-base-1\/\" \/>\n<meta property=\"og:locale\" content=\"en_US\" \/>\n<meta property=\"og:type\" content=\"article\" \/>\n<meta property=\"og:title\" content=\"You are not on this earth to stop at Base 1. - frankrechsteiner.de\" \/>\n<meta property=\"og:description\" content=\"You can feel it.There&#8217;s more.More courage. More life. More you. But what are you doing? You stand still. Because it&#8217;s safe. Because that&#8217;s what you do. Because&#8230; yes, why actually? In the new episode of \u201cCan you feel yourself?\u201d we break down exactly that:Why we tell ourselves that security is better than freedom.Why we&#8217;d rather [&hellip;]\" \/>\n<meta property=\"og:url\" content=\"https:\/\/frankrechsteiner.de\/en\/you-are-not-on-this-earth-to-stop-at-base-1\/\" \/>\n<meta property=\"og:site_name\" content=\"frankrechsteiner.de\" \/>\n<meta property=\"article:published_time\" content=\"2025-05-28T10:23:02+00:00\" \/>\n<meta property=\"article:modified_time\" content=\"2025-06-04T15:11:55+00:00\" \/>\n<meta property=\"og:image\" content=\"https:\/\/frankrechsteiner.de\/wp-content\/uploads\/2025\/05\/Rechsteiner_Folge023_EpisodeArt_YouTube-scaled.jpeg\" \/>\n\t<meta property=\"og:image:width\" content=\"2560\" \/>\n\t<meta property=\"og:image:height\" content=\"1440\" \/>\n\t<meta property=\"og:image:type\" content=\"image\/jpeg\" \/>\n<meta name=\"author\" content=\"frankrechsteiner\" \/>\n<meta name=\"twitter:card\" content=\"summary_large_image\" \/>\n<meta name=\"twitter:label1\" content=\"Written by\" \/>\n\t<meta name=\"twitter:data1\" content=\"frankrechsteiner\" \/>\n\t<meta name=\"twitter:label2\" content=\"Est. reading time\" \/>\n\t<meta name=\"twitter:data2\" content=\"1 minute\" \/>\n<script type=\"application\/ld+json\" class=\"yoast-schema-graph\">{\"@context\":\"https:\\\/\\\/schema.org\",\"@graph\":[{\"@type\":\"Article\",\"@id\":\"https:\\\/\\\/frankrechsteiner.de\\\/en\\\/you-are-not-on-this-earth-to-stop-at-base-1\\\/#article\",\"isPartOf\":{\"@id\":\"https:\\\/\\\/frankrechsteiner.de\\\/en\\\/you-are-not-on-this-earth-to-stop-at-base-1\\\/\"},\"author\":{\"name\":\"frankrechsteiner\",\"@id\":\"https:\\\/\\\/frankrechsteiner.de\\\/en\\\/#\\\/schema\\\/person\\\/fc7d2ccc695caeb6276ccd7eedacdc96\"},\"headline\":\"You are not on this earth to stop at Base 1.\",\"datePublished\":\"2025-05-28T10:23:02+00:00\",\"dateModified\":\"2025-06-04T15:11:55+00:00\",\"mainEntityOfPage\":{\"@id\":\"https:\\\/\\\/frankrechsteiner.de\\\/en\\\/you-are-not-on-this-earth-to-stop-at-base-1\\\/\"},\"wordCount\":188,\"image\":{\"@id\":\"https:\\\/\\\/frankrechsteiner.de\\\/en\\\/you-are-not-on-this-earth-to-stop-at-base-1\\\/#primaryimage\"},\"thumbnailUrl\":\"https:\\\/\\\/frankrechsteiner.de\\\/wp-content\\\/uploads\\\/2025\\\/05\\\/Rechsteiner_Folge023_EpisodeArt_YouTube-scaled.jpeg\",\"keywords\":[\"Courage\",\"Decision\",\"feel\",\"Self-confidence\"],\"articleSection\":[\"Blog\"],\"inLanguage\":\"en-US\"},{\"@type\":\"WebPage\",\"@id\":\"https:\\\/\\\/frankrechsteiner.de\\\/en\\\/you-are-not-on-this-earth-to-stop-at-base-1\\\/\",\"url\":\"https:\\\/\\\/frankrechsteiner.de\\\/en\\\/you-are-not-on-this-earth-to-stop-at-base-1\\\/\",\"name\":\"You are not on this earth to stop at Base 1. - frankrechsteiner.de\",\"isPartOf\":{\"@id\":\"https:\\\/\\\/frankrechsteiner.de\\\/en\\\/#website\"},\"primaryImageOfPage\":{\"@id\":\"https:\\\/\\\/frankrechsteiner.de\\\/en\\\/you-are-not-on-this-earth-to-stop-at-base-1\\\/#primaryimage\"},\"image\":{\"@id\":\"https:\\\/\\\/frankrechsteiner.de\\\/en\\\/you-are-not-on-this-earth-to-stop-at-base-1\\\/#primaryimage\"},\"thumbnailUrl\":\"https:\\\/\\\/frankrechsteiner.de\\\/wp-content\\\/uploads\\\/2025\\\/05\\\/Rechsteiner_Folge023_EpisodeArt_YouTube-scaled.jpeg\",\"datePublished\":\"2025-05-28T10:23:02+00:00\",\"dateModified\":\"2025-06-04T15:11:55+00:00\",\"author\":{\"@id\":\"https:\\\/\\\/frankrechsteiner.de\\\/en\\\/#\\\/schema\\\/person\\\/fc7d2ccc695caeb6276ccd7eedacdc96\"},\"breadcrumb\":{\"@id\":\"https:\\\/\\\/frankrechsteiner.de\\\/en\\\/you-are-not-on-this-earth-to-stop-at-base-1\\\/#breadcrumb\"},\"inLanguage\":\"en-US\",\"potentialAction\":[{\"@type\":\"ReadAction\",\"target\":[\"https:\\\/\\\/frankrechsteiner.de\\\/en\\\/you-are-not-on-this-earth-to-stop-at-base-1\\\/\"]}]},{\"@type\":\"ImageObject\",\"inLanguage\":\"en-US\",\"@id\":\"https:\\\/\\\/frankrechsteiner.de\\\/en\\\/you-are-not-on-this-earth-to-stop-at-base-1\\\/#primaryimage\",\"url\":\"https:\\\/\\\/frankrechsteiner.de\\\/wp-content\\\/uploads\\\/2025\\\/05\\\/Rechsteiner_Folge023_EpisodeArt_YouTube-scaled.jpeg\",\"contentUrl\":\"https:\\\/\\\/frankrechsteiner.de\\\/wp-content\\\/uploads\\\/2025\\\/05\\\/Rechsteiner_Folge023_EpisodeArt_YouTube-scaled.jpeg\",\"width\":2560,\"height\":1440,\"caption\":\"Mut und Selbstvertrauen\"},{\"@type\":\"BreadcrumbList\",\"@id\":\"https:\\\/\\\/frankrechsteiner.de\\\/en\\\/you-are-not-on-this-earth-to-stop-at-base-1\\\/#breadcrumb\",\"itemListElement\":[{\"@type\":\"ListItem\",\"position\":1,\"name\":\"Home\",\"item\":\"https:\\\/\\\/frankrechsteiner.de\\\/en\\\/home-3\\\/\"},{\"@type\":\"ListItem\",\"position\":2,\"name\":\"You are not on this earth to stop at Base 1.\"}]},{\"@type\":\"WebSite\",\"@id\":\"https:\\\/\\\/frankrechsteiner.de\\\/en\\\/#website\",\"url\":\"https:\\\/\\\/frankrechsteiner.de\\\/en\\\/\",\"name\":\"frankrechsteiner.de\",\"description\":\"Potenzialaktivierer f\u00fcr M\u00e4nner in F\u00fchrung und Unternehmen.\",\"potentialAction\":[{\"@type\":\"SearchAction\",\"target\":{\"@type\":\"EntryPoint\",\"urlTemplate\":\"https:\\\/\\\/frankrechsteiner.de\\\/en\\\/?s={search_term_string}\"},\"query-input\":{\"@type\":\"PropertyValueSpecification\",\"valueRequired\":true,\"valueName\":\"search_term_string\"}}],\"inLanguage\":\"en-US\"},{\"@type\":\"Person\",\"@id\":\"https:\\\/\\\/frankrechsteiner.de\\\/en\\\/#\\\/schema\\\/person\\\/fc7d2ccc695caeb6276ccd7eedacdc96\",\"name\":\"frankrechsteiner\",\"image\":{\"@type\":\"ImageObject\",\"inLanguage\":\"en-US\",\"@id\":\"https:\\\/\\\/secure.gravatar.com\\\/avatar\\\/98601ef413f7f53de83420bc6cf4bcbab971169c0be1826292bf167c47f2a045?s=96&d=mm&r=g\",\"url\":\"https:\\\/\\\/secure.gravatar.com\\\/avatar\\\/98601ef413f7f53de83420bc6cf4bcbab971169c0be1826292bf167c47f2a045?s=96&d=mm&r=g\",\"contentUrl\":\"https:\\\/\\\/secure.gravatar.com\\\/avatar\\\/98601ef413f7f53de83420bc6cf4bcbab971169c0be1826292bf167c47f2a045?s=96&d=mm&r=g\",\"caption\":\"frankrechsteiner\"},\"url\":\"https:\\\/\\\/frankrechsteiner.de\\\/en\\\/author\\\/frankrechsteiner\\\/\"}]}<\/script>\n<!-- \/ Yoast SEO plugin. -->","yoast_head_json":{"title":"You are not on this earth to stop at Base 1. - frankrechsteiner.de","robots":{"index":"index","follow":"follow","max-snippet":"max-snippet:-1","max-image-preview":"max-image-preview:large","max-video-preview":"max-video-preview:-1"},"canonical":"https:\/\/frankrechsteiner.de\/en\/you-are-not-on-this-earth-to-stop-at-base-1\/","og_locale":"en_US","og_type":"article","og_title":"You are not on this earth to stop at Base 1. - frankrechsteiner.de","og_description":"You can feel it.There&#8217;s more.More courage. More life. More you. But what are you doing? You stand still. Because it&#8217;s safe. Because that&#8217;s what you do. Because&#8230; yes, why actually? In the new episode of \u201cCan you feel yourself?\u201d we break down exactly that:Why we tell ourselves that security is better than freedom.Why we&#8217;d rather [&hellip;]","og_url":"https:\/\/frankrechsteiner.de\/en\/you-are-not-on-this-earth-to-stop-at-base-1\/","og_site_name":"frankrechsteiner.de","article_published_time":"2025-05-28T10:23:02+00:00","article_modified_time":"2025-06-04T15:11:55+00:00","og_image":[{"width":2560,"height":1440,"url":"https:\/\/frankrechsteiner.de\/wp-content\/uploads\/2025\/05\/Rechsteiner_Folge023_EpisodeArt_YouTube-scaled.jpeg","type":"image\/jpeg"}],"author":"frankrechsteiner","twitter_card":"summary_large_image","twitter_misc":{"Written by":"frankrechsteiner","Est. reading time":"1 minute"},"schema":{"@context":"https:\/\/schema.org","@graph":[{"@type":"Article","@id":"https:\/\/frankrechsteiner.de\/en\/you-are-not-on-this-earth-to-stop-at-base-1\/#article","isPartOf":{"@id":"https:\/\/frankrechsteiner.de\/en\/you-are-not-on-this-earth-to-stop-at-base-1\/"},"author":{"name":"frankrechsteiner","@id":"https:\/\/frankrechsteiner.de\/en\/#\/schema\/person\/fc7d2ccc695caeb6276ccd7eedacdc96"},"headline":"You are not on this earth to stop at Base 1.","datePublished":"2025-05-28T10:23:02+00:00","dateModified":"2025-06-04T15:11:55+00:00","mainEntityOfPage":{"@id":"https:\/\/frankrechsteiner.de\/en\/you-are-not-on-this-earth-to-stop-at-base-1\/"},"wordCount":188,"image":{"@id":"https:\/\/frankrechsteiner.de\/en\/you-are-not-on-this-earth-to-stop-at-base-1\/#primaryimage"},"thumbnailUrl":"https:\/\/frankrechsteiner.de\/wp-content\/uploads\/2025\/05\/Rechsteiner_Folge023_EpisodeArt_YouTube-scaled.jpeg","keywords":["Courage","Decision","feel","Self-confidence"],"articleSection":["Blog"],"inLanguage":"en-US"},{"@type":"WebPage","@id":"https:\/\/frankrechsteiner.de\/en\/you-are-not-on-this-earth-to-stop-at-base-1\/","url":"https:\/\/frankrechsteiner.de\/en\/you-are-not-on-this-earth-to-stop-at-base-1\/","name":"You are not on this earth to stop at Base 1. - frankrechsteiner.de","isPartOf":{"@id":"https:\/\/frankrechsteiner.de\/en\/#website"},"primaryImageOfPage":{"@id":"https:\/\/frankrechsteiner.de\/en\/you-are-not-on-this-earth-to-stop-at-base-1\/#primaryimage"},"image":{"@id":"https:\/\/frankrechsteiner.de\/en\/you-are-not-on-this-earth-to-stop-at-base-1\/#primaryimage"},"thumbnailUrl":"https:\/\/frankrechsteiner.de\/wp-content\/uploads\/2025\/05\/Rechsteiner_Folge023_EpisodeArt_YouTube-scaled.jpeg","datePublished":"2025-05-28T10:23:02+00:00","dateModified":"2025-06-04T15:11:55+00:00","author":{"@id":"https:\/\/frankrechsteiner.de\/en\/#\/schema\/person\/fc7d2ccc695caeb6276ccd7eedacdc96"},"breadcrumb":{"@id":"https:\/\/frankrechsteiner.de\/en\/you-are-not-on-this-earth-to-stop-at-base-1\/#breadcrumb"},"inLanguage":"en-US","potentialAction":[{"@type":"ReadAction","target":["https:\/\/frankrechsteiner.de\/en\/you-are-not-on-this-earth-to-stop-at-base-1\/"]}]},{"@type":"ImageObject","inLanguage":"en-US","@id":"https:\/\/frankrechsteiner.de\/en\/you-are-not-on-this-earth-to-stop-at-base-1\/#primaryimage","url":"https:\/\/frankrechsteiner.de\/wp-content\/uploads\/2025\/05\/Rechsteiner_Folge023_EpisodeArt_YouTube-scaled.jpeg","contentUrl":"https:\/\/frankrechsteiner.de\/wp-content\/uploads\/2025\/05\/Rechsteiner_Folge023_EpisodeArt_YouTube-scaled.jpeg","width":2560,"height":1440,"caption":"Mut und Selbstvertrauen"},{"@type":"BreadcrumbList","@id":"https:\/\/frankrechsteiner.de\/en\/you-are-not-on-this-earth-to-stop-at-base-1\/#breadcrumb","itemListElement":[{"@type":"ListItem","position":1,"name":"Home","item":"https:\/\/frankrechsteiner.de\/en\/home-3\/"},{"@type":"ListItem","position":2,"name":"You are not on this earth to stop at Base 1."}]},{"@type":"WebSite","@id":"https:\/\/frankrechsteiner.de\/en\/#website","url":"https:\/\/frankrechsteiner.de\/en\/","name":"frankrechsteiner.de","description":"Potenzialaktivierer f\u00fcr M\u00e4nner in F\u00fchrung und Unternehmen.","potentialAction":[{"@type":"SearchAction","target":{"@type":"EntryPoint","urlTemplate":"https:\/\/frankrechsteiner.de\/en\/?s={search_term_string}"},"query-input":{"@type":"PropertyValueSpecification","valueRequired":true,"valueName":"search_term_string"}}],"inLanguage":"en-US"},{"@type":"Person","@id":"https:\/\/frankrechsteiner.de\/en\/#\/schema\/person\/fc7d2ccc695caeb6276ccd7eedacdc96","name":"frankrechsteiner","image":{"@type":"ImageObject","inLanguage":"en-US","@id":"https:\/\/secure.gravatar.com\/avatar\/98601ef413f7f53de83420bc6cf4bcbab971169c0be1826292bf167c47f2a045?s=96&d=mm&r=g","url":"https:\/\/secure.gravatar.com\/avatar\/98601ef413f7f53de83420bc6cf4bcbab971169c0be1826292bf167c47f2a045?s=96&d=mm&r=g","contentUrl":"https:\/\/secure.gravatar.com\/avatar\/98601ef413f7f53de83420bc6cf4bcbab971169c0be1826292bf167c47f2a045?s=96&d=mm&r=g","caption":"frankrechsteiner"},"url":"https:\/\/frankrechsteiner.de\/en\/author\/frankrechsteiner\/"}]}},"_links":{"self":[{"href":"https:\/\/frankrechsteiner.de\/en\/wp-json\/wp\/v2\/posts\/4484","targetHints":{"allow":["GET"]}}],"collection":[{"href":"https:\/\/frankrechsteiner.de\/en\/wp-json\/wp\/v2\/posts"}],"about":[{"href":"https:\/\/frankrechsteiner.de\/en\/wp-json\/wp\/v2\/types\/post"}],"author":[{"embeddable":true,"href":"https:\/\/frankrechsteiner.de\/en\/wp-json\/wp\/v2\/users\/4"}],"replies":[{"embeddable":true,"href":"https:\/\/frankrechsteiner.de\/en\/wp-json\/wp\/v2\/comments?post=4484"}],"version-history":[{"count":3,"href":"https:\/\/frankrechsteiner.de\/en\/wp-json\/wp\/v2\/posts\/4484\/revisions"}],"predecessor-version":[{"id":4527,"href":"https:\/\/frankrechsteiner.de\/en\/wp-json\/wp\/v2\/posts\/4484\/revisions\/4527"}],"wp:featuredmedia":[{"embeddable":true,"href":"https:\/\/frankrechsteiner.de\/en\/wp-json\/wp\/v2\/media\/4234"}],"wp:attachment":[{"href":"https:\/\/frankrechsteiner.de\/en\/wp-json\/wp\/v2\/media?parent=4484"}],"wp:term":[{"taxonomy":"category","embeddable":true,"href":"https:\/\/frankrechsteiner.de\/en\/wp-json\/wp\/v2\/categories?post=4484"},{"taxonomy":"post_tag","embeddable":true,"href":"https:\/\/frankrechsteiner.de\/en\/wp-json\/wp\/v2\/tags?post=4484"}],"curies":[{"name":"wp","href":"https:\/\/api.w.org\/{rel}","templated":true}]}}