{"id":4790,"date":"2025-10-29T10:10:43","date_gmt":"2025-10-29T10:10:43","guid":{"rendered":"https:\/\/frankrechsteiner.de\/i-wish-id-had-the-courage-to-live-my-own-life\/"},"modified":"2025-10-29T13:11:23","modified_gmt":"2025-10-29T13:11:23","slug":"i-wish-id-had-the-courage-to-live-my-own-life","status":"publish","type":"post","link":"https:\/\/frankrechsteiner.de\/en\/i-wish-id-had-the-courage-to-live-my-own-life\/","title":{"rendered":"&#8220;I wish I&#8217;d had the courage to live my own life&#8221;"},"content":{"rendered":"\n<p>This sentence moved me deeply and that&#8217;s exactly why I&#8217;m talking about it in the current episode of <em>Men in Crisis<\/em>.<br\/>I&#8217;m talking about something that affects us all &#8211;  <strong>Courage. Honesty. And the question of whether we are really living our own lives.  <\/strong><\/p>\n\n<p>In the following, I&#8217;ll tell you what my mother said shortly before she died:<\/p>\n\n<p>&#8220;I wish I had been able to study and become a teacher.&#8221;<\/p>\n\n<p>No wealth, no great adventures &#8211; just an honest, silent desire.<br\/>That goes deep. Because it shows: In the end, it&#8217;s not the expectations of others that count, but what <strong>we haven&#8217;t allowed ourselves to live<\/strong>. <\/p>\n\n<p>If you know exactly what you need to do&#8230; and you don&#8217;t have the balls to do it &#8211; that&#8217;s brutal self-sabotage.<\/p>\n\n<p>And yes, that&#8217;s right. How often do we know exactly what we want to do &#8211; and still don&#8217;t do it? <br\/>Because we are afraid, want to please others, often want to be &#8220;reasonable&#8221;.<\/p>\n\n<p>But what does this common sense cost us? Perhaps the very life that would have fulfilled us.   <\/p>\n\n<p>To put it in a nutshell: As long as you live in fear, you are maximally manipulable.<\/p>\n\n<p>I would like to remind you that <strong>freedom<\/strong> does not mean doing everything perfectly &#8211; but finally <strong>being honest<\/strong>:<br\/>With ourselves, with our needs and with what we really want.<\/p>\n\n<p>At the end of the conversation I say:<\/p>\n\n<p>&#8220;If you&#8217;re not up for an awesome life, then at least be the role model you never had. A role model is not a victim &#8211; a role model makes decisions.&#8221;<\/p>\n\n<p>Perhaps that is precisely the point:<br\/>No more waiting for anything. Stop making excuses and start living your life <strong>today<\/strong> &#8211; with all its consequences, but also with all its power. <\/p>\n\n<p><\/p>\n\n<p><strong>Question for you:<\/strong><br\/>Are you really living your life &#8211; or are you still fulfilling other people&#8217;s expectations?<\/p>\n\n<p><a href=\"https:\/\/open.spotify.com\/episode\/7IdEdKoQpcdz4GVxo4CK4N\">https:\/\/open.spotify.com\/episode\/7IdEdKoQpcdz4GVxo4CK4N<\/a><\/p>\n\n<p><\/p>\n\n<p>And with Apple Podcasts:<\/p>\n\n<p><a href=\"https:\/\/podcasts.apple.com\/de\/podcast\/046-das-leben-das-du-nicht-gelebt-hast\/id1761337825?i=1000734019213\">https:\/\/podcasts.apple.com\/de\/podcast\/046-das-leben-das-du-nicht-gelebt-hast\/id1761337825?i=1000734019213<\/a><\/p>\n","protected":false},"excerpt":{"rendered":"<p>This sentence moved me deeply and that&#8217;s exactly why I&#8217;m talking about it in the current episode of Men in Crisis.I&#8217;m talking about something that affects us all &#8211; Courage. Honesty. And the question of whether we are really living our own lives. In the following, I&#8217;ll tell you what my mother said shortly before [&hellip;]<\/p>\n","protected":false},"author":4,"featured_media":4786,"comment_status":"closed","ping_status":"closed","sticky":false,"template":"","format":"standard","meta":{"_et_pb_use_builder":"","_et_pb_old_content":"","_et_gb_content_width":"","inline_featured_image":false,"footnotes":""},"categories":[262,1],"tags":[322,263,264,372,266,333],"class_list":["post-4790","post","type-post","status-publish","format-standard","has-post-thumbnail","hentry","category-blog-en","category-nicht-kategorisiert","tag-change","tag-courage","tag-honesty","tag-life","tag-relationship","tag-relationships"],"yoast_head":"<!-- This site is optimized with the Yoast SEO plugin v27.3 - https:\/\/yoast.com\/product\/yoast-seo-wordpress\/ -->\n<title>&quot;I wish I&#039;d had the courage to live my own life&quot; - frankrechsteiner.de<\/title>\n<meta name=\"robots\" content=\"index, follow, max-snippet:-1, max-image-preview:large, max-video-preview:-1\" \/>\n<link rel=\"canonical\" href=\"https:\/\/frankrechsteiner.de\/en\/i-wish-id-had-the-courage-to-live-my-own-life\/\" \/>\n<meta property=\"og:locale\" content=\"en_US\" \/>\n<meta property=\"og:type\" content=\"article\" \/>\n<meta property=\"og:title\" content=\"&quot;I wish I&#039;d had the courage to live my own life&quot; - frankrechsteiner.de\" \/>\n<meta property=\"og:description\" content=\"This sentence moved me deeply and that&#8217;s exactly why I&#8217;m talking about it in the current episode of Men in Crisis.I&#8217;m talking about something that affects us all &#8211; Courage. Honesty. And the question of whether we are really living our own lives. In the following, I&#8217;ll tell you what my mother said shortly before [&hellip;]\" \/>\n<meta property=\"og:url\" content=\"https:\/\/frankrechsteiner.de\/en\/i-wish-id-had-the-courage-to-live-my-own-life\/\" \/>\n<meta property=\"og:site_name\" content=\"frankrechsteiner.de\" \/>\n<meta property=\"article:published_time\" content=\"2025-10-29T10:10:43+00:00\" \/>\n<meta property=\"article:modified_time\" content=\"2025-10-29T13:11:23+00:00\" \/>\n<meta property=\"og:image\" content=\"https:\/\/frankrechsteiner.de\/wp-content\/uploads\/2025\/10\/Folge046_YouTube_Thumbnail_Oktober2025-scaled.jpeg\" \/>\n\t<meta property=\"og:image:width\" content=\"2560\" \/>\n\t<meta property=\"og:image:height\" content=\"1440\" \/>\n\t<meta property=\"og:image:type\" content=\"image\/jpeg\" \/>\n<meta name=\"author\" content=\"frankrechsteiner\" \/>\n<meta name=\"twitter:card\" content=\"summary_large_image\" \/>\n<meta name=\"twitter:label1\" content=\"Written by\" \/>\n\t<meta name=\"twitter:data1\" content=\"frankrechsteiner\" \/>\n\t<meta name=\"twitter:label2\" content=\"Est. reading time\" \/>\n\t<meta name=\"twitter:data2\" content=\"2 minutes\" \/>\n<script type=\"application\/ld+json\" class=\"yoast-schema-graph\">{\"@context\":\"https:\\\/\\\/schema.org\",\"@graph\":[{\"@type\":\"Article\",\"@id\":\"https:\\\/\\\/frankrechsteiner.de\\\/en\\\/i-wish-id-had-the-courage-to-live-my-own-life\\\/#article\",\"isPartOf\":{\"@id\":\"https:\\\/\\\/frankrechsteiner.de\\\/en\\\/i-wish-id-had-the-courage-to-live-my-own-life\\\/\"},\"author\":{\"name\":\"frankrechsteiner\",\"@id\":\"https:\\\/\\\/frankrechsteiner.de\\\/en\\\/#\\\/schema\\\/person\\\/fc7d2ccc695caeb6276ccd7eedacdc96\"},\"headline\":\"&#8220;I wish I&#8217;d had the courage to live my own life&#8221;\",\"datePublished\":\"2025-10-29T10:10:43+00:00\",\"dateModified\":\"2025-10-29T13:11:23+00:00\",\"mainEntityOfPage\":{\"@id\":\"https:\\\/\\\/frankrechsteiner.de\\\/en\\\/i-wish-id-had-the-courage-to-live-my-own-life\\\/\"},\"wordCount\":360,\"image\":{\"@id\":\"https:\\\/\\\/frankrechsteiner.de\\\/en\\\/i-wish-id-had-the-courage-to-live-my-own-life\\\/#primaryimage\"},\"thumbnailUrl\":\"https:\\\/\\\/frankrechsteiner.de\\\/wp-content\\\/uploads\\\/2025\\\/10\\\/Folge046_YouTube_Thumbnail_Oktober2025-scaled.jpeg\",\"keywords\":[\"Change\",\"Courage\",\"Honesty\",\"Life\",\"Relationship\",\"Relationships\"],\"articleSection\":[\"Blog\",\"Nicht kategorisiert\"],\"inLanguage\":\"en-US\"},{\"@type\":\"WebPage\",\"@id\":\"https:\\\/\\\/frankrechsteiner.de\\\/en\\\/i-wish-id-had-the-courage-to-live-my-own-life\\\/\",\"url\":\"https:\\\/\\\/frankrechsteiner.de\\\/en\\\/i-wish-id-had-the-courage-to-live-my-own-life\\\/\",\"name\":\"\\\"I wish I'd had the courage to live my own life\\\" - frankrechsteiner.de\",\"isPartOf\":{\"@id\":\"https:\\\/\\\/frankrechsteiner.de\\\/en\\\/#website\"},\"primaryImageOfPage\":{\"@id\":\"https:\\\/\\\/frankrechsteiner.de\\\/en\\\/i-wish-id-had-the-courage-to-live-my-own-life\\\/#primaryimage\"},\"image\":{\"@id\":\"https:\\\/\\\/frankrechsteiner.de\\\/en\\\/i-wish-id-had-the-courage-to-live-my-own-life\\\/#primaryimage\"},\"thumbnailUrl\":\"https:\\\/\\\/frankrechsteiner.de\\\/wp-content\\\/uploads\\\/2025\\\/10\\\/Folge046_YouTube_Thumbnail_Oktober2025-scaled.jpeg\",\"datePublished\":\"2025-10-29T10:10:43+00:00\",\"dateModified\":\"2025-10-29T13:11:23+00:00\",\"author\":{\"@id\":\"https:\\\/\\\/frankrechsteiner.de\\\/en\\\/#\\\/schema\\\/person\\\/fc7d2ccc695caeb6276ccd7eedacdc96\"},\"breadcrumb\":{\"@id\":\"https:\\\/\\\/frankrechsteiner.de\\\/en\\\/i-wish-id-had-the-courage-to-live-my-own-life\\\/#breadcrumb\"},\"inLanguage\":\"en-US\",\"potentialAction\":[{\"@type\":\"ReadAction\",\"target\":[\"https:\\\/\\\/frankrechsteiner.de\\\/en\\\/i-wish-id-had-the-courage-to-live-my-own-life\\\/\"]}]},{\"@type\":\"ImageObject\",\"inLanguage\":\"en-US\",\"@id\":\"https:\\\/\\\/frankrechsteiner.de\\\/en\\\/i-wish-id-had-the-courage-to-live-my-own-life\\\/#primaryimage\",\"url\":\"https:\\\/\\\/frankrechsteiner.de\\\/wp-content\\\/uploads\\\/2025\\\/10\\\/Folge046_YouTube_Thumbnail_Oktober2025-scaled.jpeg\",\"contentUrl\":\"https:\\\/\\\/frankrechsteiner.de\\\/wp-content\\\/uploads\\\/2025\\\/10\\\/Folge046_YouTube_Thumbnail_Oktober2025-scaled.jpeg\",\"width\":2560,\"height\":1440,\"caption\":\"Das Leben, das du nicht gelebt hast\"},{\"@type\":\"BreadcrumbList\",\"@id\":\"https:\\\/\\\/frankrechsteiner.de\\\/en\\\/i-wish-id-had-the-courage-to-live-my-own-life\\\/#breadcrumb\",\"itemListElement\":[{\"@type\":\"ListItem\",\"position\":1,\"name\":\"Home\",\"item\":\"https:\\\/\\\/frankrechsteiner.de\\\/en\\\/home-3\\\/\"},{\"@type\":\"ListItem\",\"position\":2,\"name\":\"&#8220;I wish I&#8217;d had the courage to live my own life&#8221;\"}]},{\"@type\":\"WebSite\",\"@id\":\"https:\\\/\\\/frankrechsteiner.de\\\/en\\\/#website\",\"url\":\"https:\\\/\\\/frankrechsteiner.de\\\/en\\\/\",\"name\":\"frankrechsteiner.de\",\"description\":\"Potenzialaktivierer f\u00fcr M\u00e4nner in F\u00fchrung und Unternehmen.\",\"potentialAction\":[{\"@type\":\"SearchAction\",\"target\":{\"@type\":\"EntryPoint\",\"urlTemplate\":\"https:\\\/\\\/frankrechsteiner.de\\\/en\\\/?s={search_term_string}\"},\"query-input\":{\"@type\":\"PropertyValueSpecification\",\"valueRequired\":true,\"valueName\":\"search_term_string\"}}],\"inLanguage\":\"en-US\"},{\"@type\":\"Person\",\"@id\":\"https:\\\/\\\/frankrechsteiner.de\\\/en\\\/#\\\/schema\\\/person\\\/fc7d2ccc695caeb6276ccd7eedacdc96\",\"name\":\"frankrechsteiner\",\"image\":{\"@type\":\"ImageObject\",\"inLanguage\":\"en-US\",\"@id\":\"https:\\\/\\\/secure.gravatar.com\\\/avatar\\\/98601ef413f7f53de83420bc6cf4bcbab971169c0be1826292bf167c47f2a045?s=96&d=mm&r=g\",\"url\":\"https:\\\/\\\/secure.gravatar.com\\\/avatar\\\/98601ef413f7f53de83420bc6cf4bcbab971169c0be1826292bf167c47f2a045?s=96&d=mm&r=g\",\"contentUrl\":\"https:\\\/\\\/secure.gravatar.com\\\/avatar\\\/98601ef413f7f53de83420bc6cf4bcbab971169c0be1826292bf167c47f2a045?s=96&d=mm&r=g\",\"caption\":\"frankrechsteiner\"},\"url\":\"https:\\\/\\\/frankrechsteiner.de\\\/en\\\/author\\\/frankrechsteiner\\\/\"}]}<\/script>\n<!-- \/ Yoast SEO plugin. -->","yoast_head_json":{"title":"\"I wish I'd had the courage to live my own life\" - frankrechsteiner.de","robots":{"index":"index","follow":"follow","max-snippet":"max-snippet:-1","max-image-preview":"max-image-preview:large","max-video-preview":"max-video-preview:-1"},"canonical":"https:\/\/frankrechsteiner.de\/en\/i-wish-id-had-the-courage-to-live-my-own-life\/","og_locale":"en_US","og_type":"article","og_title":"\"I wish I'd had the courage to live my own life\" - frankrechsteiner.de","og_description":"This sentence moved me deeply and that&#8217;s exactly why I&#8217;m talking about it in the current episode of Men in Crisis.I&#8217;m talking about something that affects us all &#8211; Courage. Honesty. And the question of whether we are really living our own lives. In the following, I&#8217;ll tell you what my mother said shortly before [&hellip;]","og_url":"https:\/\/frankrechsteiner.de\/en\/i-wish-id-had-the-courage-to-live-my-own-life\/","og_site_name":"frankrechsteiner.de","article_published_time":"2025-10-29T10:10:43+00:00","article_modified_time":"2025-10-29T13:11:23+00:00","og_image":[{"width":2560,"height":1440,"url":"https:\/\/frankrechsteiner.de\/wp-content\/uploads\/2025\/10\/Folge046_YouTube_Thumbnail_Oktober2025-scaled.jpeg","type":"image\/jpeg"}],"author":"frankrechsteiner","twitter_card":"summary_large_image","twitter_misc":{"Written by":"frankrechsteiner","Est. reading time":"2 minutes"},"schema":{"@context":"https:\/\/schema.org","@graph":[{"@type":"Article","@id":"https:\/\/frankrechsteiner.de\/en\/i-wish-id-had-the-courage-to-live-my-own-life\/#article","isPartOf":{"@id":"https:\/\/frankrechsteiner.de\/en\/i-wish-id-had-the-courage-to-live-my-own-life\/"},"author":{"name":"frankrechsteiner","@id":"https:\/\/frankrechsteiner.de\/en\/#\/schema\/person\/fc7d2ccc695caeb6276ccd7eedacdc96"},"headline":"&#8220;I wish I&#8217;d had the courage to live my own life&#8221;","datePublished":"2025-10-29T10:10:43+00:00","dateModified":"2025-10-29T13:11:23+00:00","mainEntityOfPage":{"@id":"https:\/\/frankrechsteiner.de\/en\/i-wish-id-had-the-courage-to-live-my-own-life\/"},"wordCount":360,"image":{"@id":"https:\/\/frankrechsteiner.de\/en\/i-wish-id-had-the-courage-to-live-my-own-life\/#primaryimage"},"thumbnailUrl":"https:\/\/frankrechsteiner.de\/wp-content\/uploads\/2025\/10\/Folge046_YouTube_Thumbnail_Oktober2025-scaled.jpeg","keywords":["Change","Courage","Honesty","Life","Relationship","Relationships"],"articleSection":["Blog","Nicht kategorisiert"],"inLanguage":"en-US"},{"@type":"WebPage","@id":"https:\/\/frankrechsteiner.de\/en\/i-wish-id-had-the-courage-to-live-my-own-life\/","url":"https:\/\/frankrechsteiner.de\/en\/i-wish-id-had-the-courage-to-live-my-own-life\/","name":"\"I wish I'd had the courage to live my own life\" - frankrechsteiner.de","isPartOf":{"@id":"https:\/\/frankrechsteiner.de\/en\/#website"},"primaryImageOfPage":{"@id":"https:\/\/frankrechsteiner.de\/en\/i-wish-id-had-the-courage-to-live-my-own-life\/#primaryimage"},"image":{"@id":"https:\/\/frankrechsteiner.de\/en\/i-wish-id-had-the-courage-to-live-my-own-life\/#primaryimage"},"thumbnailUrl":"https:\/\/frankrechsteiner.de\/wp-content\/uploads\/2025\/10\/Folge046_YouTube_Thumbnail_Oktober2025-scaled.jpeg","datePublished":"2025-10-29T10:10:43+00:00","dateModified":"2025-10-29T13:11:23+00:00","author":{"@id":"https:\/\/frankrechsteiner.de\/en\/#\/schema\/person\/fc7d2ccc695caeb6276ccd7eedacdc96"},"breadcrumb":{"@id":"https:\/\/frankrechsteiner.de\/en\/i-wish-id-had-the-courage-to-live-my-own-life\/#breadcrumb"},"inLanguage":"en-US","potentialAction":[{"@type":"ReadAction","target":["https:\/\/frankrechsteiner.de\/en\/i-wish-id-had-the-courage-to-live-my-own-life\/"]}]},{"@type":"ImageObject","inLanguage":"en-US","@id":"https:\/\/frankrechsteiner.de\/en\/i-wish-id-had-the-courage-to-live-my-own-life\/#primaryimage","url":"https:\/\/frankrechsteiner.de\/wp-content\/uploads\/2025\/10\/Folge046_YouTube_Thumbnail_Oktober2025-scaled.jpeg","contentUrl":"https:\/\/frankrechsteiner.de\/wp-content\/uploads\/2025\/10\/Folge046_YouTube_Thumbnail_Oktober2025-scaled.jpeg","width":2560,"height":1440,"caption":"Das Leben, das du nicht gelebt hast"},{"@type":"BreadcrumbList","@id":"https:\/\/frankrechsteiner.de\/en\/i-wish-id-had-the-courage-to-live-my-own-life\/#breadcrumb","itemListElement":[{"@type":"ListItem","position":1,"name":"Home","item":"https:\/\/frankrechsteiner.de\/en\/home-3\/"},{"@type":"ListItem","position":2,"name":"&#8220;I wish I&#8217;d had the courage to live my own life&#8221;"}]},{"@type":"WebSite","@id":"https:\/\/frankrechsteiner.de\/en\/#website","url":"https:\/\/frankrechsteiner.de\/en\/","name":"frankrechsteiner.de","description":"Potenzialaktivierer f\u00fcr M\u00e4nner in F\u00fchrung und Unternehmen.","potentialAction":[{"@type":"SearchAction","target":{"@type":"EntryPoint","urlTemplate":"https:\/\/frankrechsteiner.de\/en\/?s={search_term_string}"},"query-input":{"@type":"PropertyValueSpecification","valueRequired":true,"valueName":"search_term_string"}}],"inLanguage":"en-US"},{"@type":"Person","@id":"https:\/\/frankrechsteiner.de\/en\/#\/schema\/person\/fc7d2ccc695caeb6276ccd7eedacdc96","name":"frankrechsteiner","image":{"@type":"ImageObject","inLanguage":"en-US","@id":"https:\/\/secure.gravatar.com\/avatar\/98601ef413f7f53de83420bc6cf4bcbab971169c0be1826292bf167c47f2a045?s=96&d=mm&r=g","url":"https:\/\/secure.gravatar.com\/avatar\/98601ef413f7f53de83420bc6cf4bcbab971169c0be1826292bf167c47f2a045?s=96&d=mm&r=g","contentUrl":"https:\/\/secure.gravatar.com\/avatar\/98601ef413f7f53de83420bc6cf4bcbab971169c0be1826292bf167c47f2a045?s=96&d=mm&r=g","caption":"frankrechsteiner"},"url":"https:\/\/frankrechsteiner.de\/en\/author\/frankrechsteiner\/"}]}},"_links":{"self":[{"href":"https:\/\/frankrechsteiner.de\/en\/wp-json\/wp\/v2\/posts\/4790","targetHints":{"allow":["GET"]}}],"collection":[{"href":"https:\/\/frankrechsteiner.de\/en\/wp-json\/wp\/v2\/posts"}],"about":[{"href":"https:\/\/frankrechsteiner.de\/en\/wp-json\/wp\/v2\/types\/post"}],"author":[{"embeddable":true,"href":"https:\/\/frankrechsteiner.de\/en\/wp-json\/wp\/v2\/users\/4"}],"replies":[{"embeddable":true,"href":"https:\/\/frankrechsteiner.de\/en\/wp-json\/wp\/v2\/comments?post=4790"}],"version-history":[{"count":1,"href":"https:\/\/frankrechsteiner.de\/en\/wp-json\/wp\/v2\/posts\/4790\/revisions"}],"predecessor-version":[{"id":4791,"href":"https:\/\/frankrechsteiner.de\/en\/wp-json\/wp\/v2\/posts\/4790\/revisions\/4791"}],"wp:featuredmedia":[{"embeddable":true,"href":"https:\/\/frankrechsteiner.de\/en\/wp-json\/wp\/v2\/media\/4786"}],"wp:attachment":[{"href":"https:\/\/frankrechsteiner.de\/en\/wp-json\/wp\/v2\/media?parent=4790"}],"wp:term":[{"taxonomy":"category","embeddable":true,"href":"https:\/\/frankrechsteiner.de\/en\/wp-json\/wp\/v2\/categories?post=4790"},{"taxonomy":"post_tag","embeddable":true,"href":"https:\/\/frankrechsteiner.de\/en\/wp-json\/wp\/v2\/tags?post=4790"}],"curies":[{"name":"wp","href":"https:\/\/api.w.org\/{rel}","templated":true}]}}