{"id":4940,"date":"2025-12-31T10:30:00","date_gmt":"2025-12-31T10:30:00","guid":{"rendered":"https:\/\/frankrechsteiner.de\/if-every-boss-is-an-idiot-maybe-youre-not-the-victim\/"},"modified":"2026-01-07T13:09:06","modified_gmt":"2026-01-07T13:09:06","slug":"if-every-boss-is-an-idiot-maybe-youre-not-the-victim","status":"publish","type":"post","link":"https:\/\/frankrechsteiner.de\/en\/if-every-boss-is-an-idiot-maybe-youre-not-the-victim\/","title":{"rendered":"If every boss is an idiot &#8211; maybe you&#8217;re not the victim"},"content":{"rendered":"\n<p class=\"wp-block-paragraph\">85% of employees are dissatisfied. Many change jobs. Some become self-employed.<br\/>And yet the same feeling remains: <em>authority is annoying<\/em>.  <\/p>\n\n<p class=\"wp-block-paragraph\">In the podcast <em>Men in Crisis<\/em>, we talk about an uncomfortable connection:<br\/>Problems with authority and a lack of self-esteem are often <strong>not a question of character<\/strong>, but the echo of an <strong>unhealed father wound<\/strong>.<\/p>\n\n<p class=\"wp-block-paragraph\">Those who cannot respect authority, avoid conflicts and do not set boundaries often have no real freedom of choice, but are controlled internally.<\/p>\n\n<p class=\"wp-block-paragraph\">The solution does not lie in the next job, the next boss or the outside world.  <strong>It lies in the decision to look at your own issues.<\/strong><br\/><\/p>\n\n<p class=\"wp-block-paragraph\">Painful? Yes.<br\/>Liberating? Absolutely.  <\/p>\n\n<p class=\"wp-block-paragraph\">2026 can be another year of excuses &#8211; or the year in which you take responsibility for yourself.<\/p>\n\n<p class=\"wp-block-paragraph\"><\/p>\n\n<p class=\"wp-block-paragraph\">By the way, you can buy my latest books here:<\/p>\n\n<p class=\"wp-block-paragraph\"><a href=\"https:\/\/www.amazon.de\/M%C3%A4nner-Krise-sexuell-emotional-radikal\/dp\/B0G2RVS12D\/ref=sr_1_2?__mk_de_DE=%C3%85M%C3%85%C5%BD%C3%95%C3%91&amp;crid=QQSEXQO9ZSN0&amp;dib=eyJ2IjoiMSJ9.6DR-20kxorGo633mGQ90TyKK-JyU7l4YQe9HKCmxYdaEC8NghgztuizW-rbxZW_pHVlPFifnuCpFFpLw7lvfEzccfpEpiJnHJbA1zwmxwDMtFMuPliUnDem7Ba_4ni-Q8v8ULzS79_DVsfuYUV1vlFGMVi8EuY7KPyqXN9FxWvXTxE27jN3o7Oa8lZT-u_cf3Bm7esqouFuUF8Aut-eARGYJpsSiUVjhhg6LTLPh3wM.nG7mQ5bUPQM0SJbeRMvIlLuSKvM1G7vsCcPC-LS3ydA&amp;dib_tag=se&amp;keywords=frank+rechsteiner&amp;qid=1767009154&amp;sprefix=frank+rechsteiner%2Caps%2C251&amp;sr=8-2\">Men in crisis: live your power with the courage to be sexually, emotionally and radically real<\/a><\/p>\n\n<p class=\"wp-block-paragraph\"><a href=\"https:\/\/www.amazon.de\/Die-neue-emotionale-Intelligenz-M%C3%A4nner\/dp\/B0G95C8MBS\/ref=sr_1_1?__mk_de_DE=%C3%85M%C3%85%C5%BD%C3%95%C3%91&amp;crid=QQSEXQO9ZSN0&amp;dib=eyJ2IjoiMSJ9.6DR-20kxorGo633mGQ90TyKK-JyU7l4YQe9HKCmxYdaEC8NghgztuizW-rbxZW_pHVlPFifnuCpFFpLw7lvfEzccfpEpiJnHJbA1zwmxwDMtFMuPliUnDem7Ba_4ni-Q8v8ULzS79_DVsfuYUV1vlFGMVi8EuY7KPyqXN9FxWvXTxE27jN3o7Oa8lZT-u_cf3Bm7esqouFuUF8Aut-eARGYJpsSiUVjhhg6LTLPh3wM.nG7mQ5bUPQM0SJbeRMvIlLuSKvM1G7vsCcPC-LS3ydA&amp;dib_tag=se&amp;keywords=frank+rechsteiner&amp;qid=1767009154&amp;sprefix=frank+rechsteiner%2Caps%2C251&amp;sr=8-1\">The new emotional intelligence for men: How to solve our dilemma with relationships<\/a><\/p>\n\n<p class=\"wp-block-paragraph\"><\/p>\n\n<p class=\"wp-block-paragraph\">Enjoy listening to the new podcast episode:<\/p>\n\n<p class=\"wp-block-paragraph\"><\/p>\n\n<figure class=\"wp-block-embed is-type-rich is-provider-spotify wp-block-embed-spotify wp-embed-aspect-21-9 wp-has-aspect-ratio\"><div class=\"wp-block-embed__wrapper\">\n<iframe title=\"Spotify Embed: #055 Warum du mit Chefs Probleme hast und was das mit deinem Vater zu tun hat\" style=\"border-radius: 12px\" width=\"100%\" height=\"152\" frameborder=\"0\" allowfullscreen allow=\"autoplay; clipboard-write; encrypted-media; fullscreen; picture-in-picture\" loading=\"lazy\" src=\"https:\/\/open.spotify.com\/embed\/episode\/3yK05QGpJ09tBRi6DyMkbR?utm_source=oembed\"><\/iframe>\n<\/div><\/figure>\n\n<p class=\"wp-block-paragraph\"><\/p>\n\n<p class=\"wp-block-paragraph\"><\/p>\n\n<p class=\"wp-block-paragraph\">And with Apple Podcasts:<\/p>\n\n<p class=\"wp-block-paragraph\"><a href=\"https:\/\/podcasts.apple.com\/us\/podcast\/055-warum-du-mit-chefs-probleme-hast-und-was-das-mit\/id1761337825?i=1000743291115\">https:\/\/podcasts.apple.com\/us\/podcast\/055-warum-du-mit-chefs-probleme-hast-und-was-das-mit\/id1761337825?i=1000743291115<\/a><\/p>\n","protected":false},"excerpt":{"rendered":"<p>85% of employees are dissatisfied. Many change jobs. Some become self-employed.And yet the same feeling remains: authority is annoying. In the podcast Men in Crisis, we talk about an uncomfortable connection:Problems with authority and a lack of self-esteem are often not a question of character, but the echo of an unhealed father wound. Those who [&hellip;]<\/p>\n","protected":false},"author":4,"featured_media":4939,"comment_status":"closed","ping_status":"closed","sticky":false,"template":"","format":"standard","meta":{"_et_pb_use_builder":"","_et_pb_old_content":"","_et_gb_content_width":"","inline_featured_image":false,"footnotes":""},"categories":[262],"tags":[590,383,572,266,508,268],"class_list":["post-4940","post","type-post","status-publish","format-standard","has-post-thumbnail","hentry","category-blog-en","tag-boss","tag-decision","tag-father-wound","tag-relationship","tag-responsibility","tag-self-respect"],"yoast_head":"<!-- This site is optimized with the Yoast SEO plugin v28.3 - https:\/\/yoast.com\/product\/yoast-seo-wordpress\/ -->\n<title>If every boss is an idiot - maybe you&#039;re not the victim<\/title>\n<meta name=\"description\" content=\"Warum du Probleme mit Chefs hast und was dein Selbstwertgef\u00fchl damit zu tun hat. Erkunde die Verbindung zwischen Autorit\u00e4tsproblemen und unbew\u00e4ltigten Wunden im neuen Podcast.\" \/>\n<meta name=\"robots\" content=\"index, follow, max-snippet:-1, max-image-preview:large, max-video-preview:-1\" \/>\n<link rel=\"canonical\" href=\"https:\/\/frankrechsteiner.de\/en\/if-every-boss-is-an-idiot-maybe-youre-not-the-victim\/\" \/>\n<meta property=\"og:locale\" content=\"en_US\" \/>\n<meta property=\"og:type\" content=\"article\" \/>\n<meta property=\"og:title\" content=\"If every boss is an idiot - maybe you&#039;re not the victim\" \/>\n<meta property=\"og:description\" content=\"Warum du Probleme mit Chefs hast und was dein Selbstwertgef\u00fchl damit zu tun hat. Erkunde die Verbindung zwischen Autorit\u00e4tsproblemen und unbew\u00e4ltigten Wunden im neuen Podcast.\" \/>\n<meta property=\"og:url\" content=\"https:\/\/frankrechsteiner.de\/en\/if-every-boss-is-an-idiot-maybe-youre-not-the-victim\/\" \/>\n<meta property=\"og:site_name\" content=\"frankrechsteiner.de\" \/>\n<meta property=\"article:published_time\" content=\"2025-12-31T10:30:00+00:00\" \/>\n<meta property=\"article:modified_time\" content=\"2026-01-07T13:09:06+00:00\" \/>\n<meta property=\"og:image\" content=\"https:\/\/frankrechsteiner.de\/wp-content\/uploads\/2025\/12\/Folge055_YouTube_Thumbnail.jpeg\" \/>\n\t<meta property=\"og:image:width\" content=\"1920\" \/>\n\t<meta property=\"og:image:height\" content=\"1080\" \/>\n\t<meta property=\"og:image:type\" content=\"image\/jpeg\" \/>\n<meta name=\"author\" content=\"Frank Rechsteiner\" \/>\n<meta name=\"twitter:card\" content=\"summary_large_image\" \/>\n<meta name=\"twitter:label1\" content=\"Written by\" \/>\n\t<meta name=\"twitter:data1\" content=\"Frank Rechsteiner\" \/>\n\t<meta name=\"twitter:label2\" content=\"Est. reading time\" \/>\n\t<meta name=\"twitter:data2\" content=\"1 minute\" \/>\n<script type=\"application\/ld+json\" class=\"yoast-schema-graph\">{\"@context\":\"https:\\\/\\\/schema.org\",\"@graph\":[{\"@type\":\"Article\",\"@id\":\"https:\\\/\\\/frankrechsteiner.de\\\/en\\\/if-every-boss-is-an-idiot-maybe-youre-not-the-victim\\\/#article\",\"isPartOf\":{\"@id\":\"https:\\\/\\\/frankrechsteiner.de\\\/en\\\/if-every-boss-is-an-idiot-maybe-youre-not-the-victim\\\/\"},\"author\":{\"name\":\"Frank Rechsteiner\",\"@id\":\"https:\\\/\\\/frankrechsteiner.de\\\/en\\\/#\\\/schema\\\/person\\\/fc7d2ccc695caeb6276ccd7eedacdc96\"},\"headline\":\"If every boss is an idiot &#8211; maybe you&#8217;re not the victim\",\"datePublished\":\"2025-12-31T10:30:00+00:00\",\"dateModified\":\"2026-01-07T13:09:06+00:00\",\"mainEntityOfPage\":{\"@id\":\"https:\\\/\\\/frankrechsteiner.de\\\/en\\\/if-every-boss-is-an-idiot-maybe-youre-not-the-victim\\\/\"},\"wordCount\":206,\"publisher\":{\"@id\":\"https:\\\/\\\/frankrechsteiner.de\\\/en\\\/#\\\/schema\\\/person\\\/fc7d2ccc695caeb6276ccd7eedacdc96\"},\"image\":{\"@id\":\"https:\\\/\\\/frankrechsteiner.de\\\/en\\\/if-every-boss-is-an-idiot-maybe-youre-not-the-victim\\\/#primaryimage\"},\"thumbnailUrl\":\"https:\\\/\\\/frankrechsteiner.de\\\/wp-content\\\/uploads\\\/2025\\\/12\\\/Folge055_YouTube_Thumbnail.jpeg\",\"keywords\":[\"Boss\",\"Decision\",\"Father wound\",\"Relationship\",\"Responsibility\",\"Self-respect\"],\"articleSection\":[\"Blog\"],\"inLanguage\":\"en-US\"},{\"@type\":\"WebPage\",\"@id\":\"https:\\\/\\\/frankrechsteiner.de\\\/en\\\/if-every-boss-is-an-idiot-maybe-youre-not-the-victim\\\/\",\"url\":\"https:\\\/\\\/frankrechsteiner.de\\\/en\\\/if-every-boss-is-an-idiot-maybe-youre-not-the-victim\\\/\",\"name\":\"If every boss is an idiot - maybe you're not the victim\",\"isPartOf\":{\"@id\":\"https:\\\/\\\/frankrechsteiner.de\\\/en\\\/#website\"},\"primaryImageOfPage\":{\"@id\":\"https:\\\/\\\/frankrechsteiner.de\\\/en\\\/if-every-boss-is-an-idiot-maybe-youre-not-the-victim\\\/#primaryimage\"},\"image\":{\"@id\":\"https:\\\/\\\/frankrechsteiner.de\\\/en\\\/if-every-boss-is-an-idiot-maybe-youre-not-the-victim\\\/#primaryimage\"},\"thumbnailUrl\":\"https:\\\/\\\/frankrechsteiner.de\\\/wp-content\\\/uploads\\\/2025\\\/12\\\/Folge055_YouTube_Thumbnail.jpeg\",\"datePublished\":\"2025-12-31T10:30:00+00:00\",\"dateModified\":\"2026-01-07T13:09:06+00:00\",\"description\":\"Warum du Probleme mit Chefs hast und was dein Selbstwertgef\u00fchl damit zu tun hat. Erkunde die Verbindung zwischen Autorit\u00e4tsproblemen und unbew\u00e4ltigten Wunden im neuen Podcast.\",\"breadcrumb\":{\"@id\":\"https:\\\/\\\/frankrechsteiner.de\\\/en\\\/if-every-boss-is-an-idiot-maybe-youre-not-the-victim\\\/#breadcrumb\"},\"inLanguage\":\"en-US\",\"potentialAction\":[{\"@type\":\"ReadAction\",\"target\":[\"https:\\\/\\\/frankrechsteiner.de\\\/en\\\/if-every-boss-is-an-idiot-maybe-youre-not-the-victim\\\/\"]}]},{\"@type\":\"ImageObject\",\"inLanguage\":\"en-US\",\"@id\":\"https:\\\/\\\/frankrechsteiner.de\\\/en\\\/if-every-boss-is-an-idiot-maybe-youre-not-the-victim\\\/#primaryimage\",\"url\":\"https:\\\/\\\/frankrechsteiner.de\\\/wp-content\\\/uploads\\\/2025\\\/12\\\/Folge055_YouTube_Thumbnail.jpeg\",\"contentUrl\":\"https:\\\/\\\/frankrechsteiner.de\\\/wp-content\\\/uploads\\\/2025\\\/12\\\/Folge055_YouTube_Thumbnail.jpeg\",\"width\":1920,\"height\":1080,\"caption\":\"Problems with bosses and the father wound\"},{\"@type\":\"BreadcrumbList\",\"@id\":\"https:\\\/\\\/frankrechsteiner.de\\\/en\\\/if-every-boss-is-an-idiot-maybe-youre-not-the-victim\\\/#breadcrumb\",\"itemListElement\":[{\"@type\":\"ListItem\",\"position\":1,\"name\":\"Home\",\"item\":\"https:\\\/\\\/frankrechsteiner.de\\\/en\\\/\"},{\"@type\":\"ListItem\",\"position\":2,\"name\":\"If every boss is an idiot &#8211; maybe you&#8217;re not the victim\"}]},{\"@type\":\"WebSite\",\"@id\":\"https:\\\/\\\/frankrechsteiner.de\\\/en\\\/#website\",\"url\":\"https:\\\/\\\/frankrechsteiner.de\\\/en\\\/\",\"name\":\"frankrechsteiner.de\",\"description\":\"CEO Advisory for the New Reality of Work\",\"publisher\":{\"@id\":\"https:\\\/\\\/frankrechsteiner.de\\\/en\\\/#\\\/schema\\\/person\\\/fc7d2ccc695caeb6276ccd7eedacdc96\"},\"potentialAction\":[{\"@type\":\"SearchAction\",\"target\":{\"@type\":\"EntryPoint\",\"urlTemplate\":\"https:\\\/\\\/frankrechsteiner.de\\\/en\\\/?s={search_term_string}\"},\"query-input\":{\"@type\":\"PropertyValueSpecification\",\"valueRequired\":true,\"valueName\":\"search_term_string\"}}],\"inLanguage\":\"en-US\"},{\"@type\":[\"Person\",\"Organization\"],\"@id\":\"https:\\\/\\\/frankrechsteiner.de\\\/en\\\/#\\\/schema\\\/person\\\/fc7d2ccc695caeb6276ccd7eedacdc96\",\"name\":\"Frank Rechsteiner\",\"image\":{\"@type\":\"ImageObject\",\"inLanguage\":\"en-US\",\"@id\":\"https:\\\/\\\/frankrechsteiner.de\\\/wp-content\\\/uploads\\\/2026\\\/07\\\/Frank-Rechsteiner-Speaker.jpg\",\"url\":\"https:\\\/\\\/frankrechsteiner.de\\\/wp-content\\\/uploads\\\/2026\\\/07\\\/Frank-Rechsteiner-Speaker.jpg\",\"contentUrl\":\"https:\\\/\\\/frankrechsteiner.de\\\/wp-content\\\/uploads\\\/2026\\\/07\\\/Frank-Rechsteiner-Speaker.jpg\",\"width\":1171,\"height\":1600,\"caption\":\"Frank Rechsteiner\"},\"logo\":{\"@id\":\"https:\\\/\\\/frankrechsteiner.de\\\/wp-content\\\/uploads\\\/2026\\\/07\\\/Frank-Rechsteiner-Speaker.jpg\"},\"sameAs\":[\"https:\\\/\\\/www.linkedin.com\\\/in\\\/frankrechsteiner\",\"https:\\\/\\\/www.youtube.com\\\/c\\\/FrankRechsteiner\"],\"url\":\"https:\\\/\\\/frankrechsteiner.de\\\/en\\\/author\\\/frankrechsteiner\\\/\"}]}<\/script>\n<!-- \/ Yoast SEO plugin. -->","yoast_head_json":{"title":"If every boss is an idiot - maybe you're not the victim","description":"Warum du Probleme mit Chefs hast und was dein Selbstwertgef\u00fchl damit zu tun hat. Erkunde die Verbindung zwischen Autorit\u00e4tsproblemen und unbew\u00e4ltigten Wunden im neuen Podcast.","robots":{"index":"index","follow":"follow","max-snippet":"max-snippet:-1","max-image-preview":"max-image-preview:large","max-video-preview":"max-video-preview:-1"},"canonical":"https:\/\/frankrechsteiner.de\/en\/if-every-boss-is-an-idiot-maybe-youre-not-the-victim\/","og_locale":"en_US","og_type":"article","og_title":"If every boss is an idiot - maybe you're not the victim","og_description":"Warum du Probleme mit Chefs hast und was dein Selbstwertgef\u00fchl damit zu tun hat. Erkunde die Verbindung zwischen Autorit\u00e4tsproblemen und unbew\u00e4ltigten Wunden im neuen Podcast.","og_url":"https:\/\/frankrechsteiner.de\/en\/if-every-boss-is-an-idiot-maybe-youre-not-the-victim\/","og_site_name":"frankrechsteiner.de","article_published_time":"2025-12-31T10:30:00+00:00","article_modified_time":"2026-01-07T13:09:06+00:00","og_image":[{"width":1920,"height":1080,"url":"https:\/\/frankrechsteiner.de\/wp-content\/uploads\/2025\/12\/Folge055_YouTube_Thumbnail.jpeg","type":"image\/jpeg"}],"author":"Frank Rechsteiner","twitter_card":"summary_large_image","twitter_misc":{"Written by":"Frank Rechsteiner","Est. reading time":"1 minute"},"schema":{"@context":"https:\/\/schema.org","@graph":[{"@type":"Article","@id":"https:\/\/frankrechsteiner.de\/en\/if-every-boss-is-an-idiot-maybe-youre-not-the-victim\/#article","isPartOf":{"@id":"https:\/\/frankrechsteiner.de\/en\/if-every-boss-is-an-idiot-maybe-youre-not-the-victim\/"},"author":{"name":"Frank Rechsteiner","@id":"https:\/\/frankrechsteiner.de\/en\/#\/schema\/person\/fc7d2ccc695caeb6276ccd7eedacdc96"},"headline":"If every boss is an idiot &#8211; maybe you&#8217;re not the victim","datePublished":"2025-12-31T10:30:00+00:00","dateModified":"2026-01-07T13:09:06+00:00","mainEntityOfPage":{"@id":"https:\/\/frankrechsteiner.de\/en\/if-every-boss-is-an-idiot-maybe-youre-not-the-victim\/"},"wordCount":206,"publisher":{"@id":"https:\/\/frankrechsteiner.de\/en\/#\/schema\/person\/fc7d2ccc695caeb6276ccd7eedacdc96"},"image":{"@id":"https:\/\/frankrechsteiner.de\/en\/if-every-boss-is-an-idiot-maybe-youre-not-the-victim\/#primaryimage"},"thumbnailUrl":"https:\/\/frankrechsteiner.de\/wp-content\/uploads\/2025\/12\/Folge055_YouTube_Thumbnail.jpeg","keywords":["Boss","Decision","Father wound","Relationship","Responsibility","Self-respect"],"articleSection":["Blog"],"inLanguage":"en-US"},{"@type":"WebPage","@id":"https:\/\/frankrechsteiner.de\/en\/if-every-boss-is-an-idiot-maybe-youre-not-the-victim\/","url":"https:\/\/frankrechsteiner.de\/en\/if-every-boss-is-an-idiot-maybe-youre-not-the-victim\/","name":"If every boss is an idiot - maybe you're not the victim","isPartOf":{"@id":"https:\/\/frankrechsteiner.de\/en\/#website"},"primaryImageOfPage":{"@id":"https:\/\/frankrechsteiner.de\/en\/if-every-boss-is-an-idiot-maybe-youre-not-the-victim\/#primaryimage"},"image":{"@id":"https:\/\/frankrechsteiner.de\/en\/if-every-boss-is-an-idiot-maybe-youre-not-the-victim\/#primaryimage"},"thumbnailUrl":"https:\/\/frankrechsteiner.de\/wp-content\/uploads\/2025\/12\/Folge055_YouTube_Thumbnail.jpeg","datePublished":"2025-12-31T10:30:00+00:00","dateModified":"2026-01-07T13:09:06+00:00","description":"Warum du Probleme mit Chefs hast und was dein Selbstwertgef\u00fchl damit zu tun hat. Erkunde die Verbindung zwischen Autorit\u00e4tsproblemen und unbew\u00e4ltigten Wunden im neuen Podcast.","breadcrumb":{"@id":"https:\/\/frankrechsteiner.de\/en\/if-every-boss-is-an-idiot-maybe-youre-not-the-victim\/#breadcrumb"},"inLanguage":"en-US","potentialAction":[{"@type":"ReadAction","target":["https:\/\/frankrechsteiner.de\/en\/if-every-boss-is-an-idiot-maybe-youre-not-the-victim\/"]}]},{"@type":"ImageObject","inLanguage":"en-US","@id":"https:\/\/frankrechsteiner.de\/en\/if-every-boss-is-an-idiot-maybe-youre-not-the-victim\/#primaryimage","url":"https:\/\/frankrechsteiner.de\/wp-content\/uploads\/2025\/12\/Folge055_YouTube_Thumbnail.jpeg","contentUrl":"https:\/\/frankrechsteiner.de\/wp-content\/uploads\/2025\/12\/Folge055_YouTube_Thumbnail.jpeg","width":1920,"height":1080,"caption":"Problems with bosses and the father wound"},{"@type":"BreadcrumbList","@id":"https:\/\/frankrechsteiner.de\/en\/if-every-boss-is-an-idiot-maybe-youre-not-the-victim\/#breadcrumb","itemListElement":[{"@type":"ListItem","position":1,"name":"Home","item":"https:\/\/frankrechsteiner.de\/en\/"},{"@type":"ListItem","position":2,"name":"If every boss is an idiot &#8211; maybe you&#8217;re not the victim"}]},{"@type":"WebSite","@id":"https:\/\/frankrechsteiner.de\/en\/#website","url":"https:\/\/frankrechsteiner.de\/en\/","name":"frankrechsteiner.de","description":"CEO Advisory for the New Reality of Work","publisher":{"@id":"https:\/\/frankrechsteiner.de\/en\/#\/schema\/person\/fc7d2ccc695caeb6276ccd7eedacdc96"},"potentialAction":[{"@type":"SearchAction","target":{"@type":"EntryPoint","urlTemplate":"https:\/\/frankrechsteiner.de\/en\/?s={search_term_string}"},"query-input":{"@type":"PropertyValueSpecification","valueRequired":true,"valueName":"search_term_string"}}],"inLanguage":"en-US"},{"@type":["Person","Organization"],"@id":"https:\/\/frankrechsteiner.de\/en\/#\/schema\/person\/fc7d2ccc695caeb6276ccd7eedacdc96","name":"Frank Rechsteiner","image":{"@type":"ImageObject","inLanguage":"en-US","@id":"https:\/\/frankrechsteiner.de\/wp-content\/uploads\/2026\/07\/Frank-Rechsteiner-Speaker.jpg","url":"https:\/\/frankrechsteiner.de\/wp-content\/uploads\/2026\/07\/Frank-Rechsteiner-Speaker.jpg","contentUrl":"https:\/\/frankrechsteiner.de\/wp-content\/uploads\/2026\/07\/Frank-Rechsteiner-Speaker.jpg","width":1171,"height":1600,"caption":"Frank Rechsteiner"},"logo":{"@id":"https:\/\/frankrechsteiner.de\/wp-content\/uploads\/2026\/07\/Frank-Rechsteiner-Speaker.jpg"},"sameAs":["https:\/\/www.linkedin.com\/in\/frankrechsteiner","https:\/\/www.youtube.com\/c\/FrankRechsteiner"],"url":"https:\/\/frankrechsteiner.de\/en\/author\/frankrechsteiner\/"}]}},"_links":{"self":[{"href":"https:\/\/frankrechsteiner.de\/en\/wp-json\/wp\/v2\/posts\/4940","targetHints":{"allow":["GET"]}}],"collection":[{"href":"https:\/\/frankrechsteiner.de\/en\/wp-json\/wp\/v2\/posts"}],"about":[{"href":"https:\/\/frankrechsteiner.de\/en\/wp-json\/wp\/v2\/types\/post"}],"author":[{"embeddable":true,"href":"https:\/\/frankrechsteiner.de\/en\/wp-json\/wp\/v2\/users\/4"}],"replies":[{"embeddable":true,"href":"https:\/\/frankrechsteiner.de\/en\/wp-json\/wp\/v2\/comments?post=4940"}],"version-history":[{"count":1,"href":"https:\/\/frankrechsteiner.de\/en\/wp-json\/wp\/v2\/posts\/4940\/revisions"}],"predecessor-version":[{"id":4941,"href":"https:\/\/frankrechsteiner.de\/en\/wp-json\/wp\/v2\/posts\/4940\/revisions\/4941"}],"wp:featuredmedia":[{"embeddable":true,"href":"https:\/\/frankrechsteiner.de\/en\/wp-json\/wp\/v2\/media\/4939"}],"wp:attachment":[{"href":"https:\/\/frankrechsteiner.de\/en\/wp-json\/wp\/v2\/media?parent=4940"}],"wp:term":[{"taxonomy":"category","embeddable":true,"href":"https:\/\/frankrechsteiner.de\/en\/wp-json\/wp\/v2\/categories?post=4940"},{"taxonomy":"post_tag","embeddable":true,"href":"https:\/\/frankrechsteiner.de\/en\/wp-json\/wp\/v2\/tags?post=4940"}],"curies":[{"name":"wp","href":"https:\/\/api.w.org\/{rel}","templated":true}]}}