{"id":5653,"date":"2026-04-29T10:30:00","date_gmt":"2026-04-29T10:30:00","guid":{"rendered":"https:\/\/frankrechsteiner.de\/when-fear-takes-over-and-you-can-no-longer-control-anything\/"},"modified":"2026-04-29T12:16:45","modified_gmt":"2026-04-29T12:16:45","slug":"when-fear-takes-over-and-you-can-no-longer-control-anything","status":"publish","type":"post","link":"https:\/\/frankrechsteiner.de\/en\/when-fear-takes-over-and-you-can-no-longer-control-anything\/","title":{"rendered":"When fear takes over and you can no longer control anything"},"content":{"rendered":"\n<p>Many of us believe that we have no fears at all or that we at least have our fears well under control. In the new episode of <em>Men in Crisis<\/em>, we look at why this is often not the case and how fear controls us both consciously and unconsciously. <br\/><br\/>There was a situation on my last vacation that threw me completely off track: a snake in the bathroom on vacation. At that moment, nothing was rational anymore. My body took over, I froze, had no control and a movie was playing in my head that had nothing to do with reality.  <br\/><br\/>And that&#8217;s exactly the point: fear feels real, even if it often isn&#8217;t. It arises in our heads, builds up scenarios and puts us in a state in which we can no longer think or act clearly. <br\/><br\/>This is not only evident in such extreme situations, but also in everyday life and in business. Existential fears, financial insecurity or the fear of failure can cause us to overreact, go into survival mode or make decisions out of fear instead of clarity. <br\/><br\/>At the same time, this is also an opportunity. Once we have lived through and &#8220;survived&#8221; such situations, something new emerges: trust. In ourselves and in our ability to endure difficult phases.  <br\/><br\/>And maybe that&#8217;s exactly it: fear doesn&#8217;t disappear. But you can learn to deal with it differently. <br\/><br\/>New episode <em>Men in crisis<\/em>: Why fear is often only in your head, why it affects you more than you think and how you can regain control over your actions step by step.<\/p>\n\n<p><\/p>\n\n<p>Listen to the new episode:<\/p>\n\n<figure class=\"wp-block-embed is-type-rich is-provider-spotify wp-block-embed-spotify wp-embed-aspect-21-9 wp-has-aspect-ratio\"><div class=\"wp-block-embed__wrapper\">\n<iframe title=\"Spotify Embed: #072 So f\u00fchlt sich Angst an - und ich hatte keine Kontrolle mehr\" style=\"border-radius: 12px\" width=\"100%\" height=\"152\" frameborder=\"0\" allowfullscreen allow=\"autoplay; clipboard-write; encrypted-media; fullscreen; picture-in-picture\" loading=\"lazy\" src=\"https:\/\/open.spotify.com\/embed\/episode\/4CnJvAecSa4kU2qMFmhnJk?utm_source=oembed\"><\/iframe>\n<\/div><\/figure>\n\n<p><\/p>\n\n<p>And with Apple Podcasts:<\/p>\n\n<p><a href=\"https:\/\/podcasts.apple.com\/de\/podcast\/072-so-f%C3%BChlt-sich-angst-an-und-ich-hatte-keine-kontrolle-mehr\/id1761337825?i=1000764259323\">https:\/\/podcasts.apple.com\/de\/podcast\/072-so-f%C3%BChlt-sich-angst-an-und-ich-hatte-keine-kontrolle-mehr\/id1761337825?i=1000764259323<\/a><\/p>\n\n<p><br\/><br\/><\/p>\n","protected":false},"excerpt":{"rendered":"<p>Many of us believe that we have no fears at all or that we at least have our fears well under control. In the new episode of Men in Crisis, we look at why this is often not the case and how fear controls us both consciously and unconsciously. There was a situation on my [&hellip;]<\/p>\n","protected":false},"author":4,"featured_media":5652,"comment_status":"closed","ping_status":"closed","sticky":false,"template":"","format":"standard","meta":{"_et_pb_use_builder":"","_et_pb_old_content":"","_et_gb_content_width":"","inline_featured_image":false,"footnotes":""},"categories":[262],"tags":[336,372,705,706,704],"class_list":["post-5653","post","type-post","status-publish","format-standard","has-post-thumbnail","hentry","category-blog-en","tag-fear","tag-life","tag-loss-of-control","tag-opportunity","tag-survival-mode"],"yoast_head":"<!-- This site is optimized with the Yoast SEO plugin v27.3 - https:\/\/yoast.com\/product\/yoast-seo-wordpress\/ -->\n<title>When fear takes over and you can no longer control anything - frankrechsteiner.de<\/title>\n<meta name=\"robots\" content=\"index, follow, max-snippet:-1, max-image-preview:large, max-video-preview:-1\" \/>\n<link rel=\"canonical\" href=\"https:\/\/frankrechsteiner.de\/en\/when-fear-takes-over-and-you-can-no-longer-control-anything\/\" \/>\n<meta property=\"og:locale\" content=\"en_US\" \/>\n<meta property=\"og:type\" content=\"article\" \/>\n<meta property=\"og:title\" content=\"When fear takes over and you can no longer control anything - frankrechsteiner.de\" \/>\n<meta property=\"og:description\" content=\"Many of us believe that we have no fears at all or that we at least have our fears well under control. In the new episode of Men in Crisis, we look at why this is often not the case and how fear controls us both consciously and unconsciously. There was a situation on my [&hellip;]\" \/>\n<meta property=\"og:url\" content=\"https:\/\/frankrechsteiner.de\/en\/when-fear-takes-over-and-you-can-no-longer-control-anything\/\" \/>\n<meta property=\"og:site_name\" content=\"frankrechsteiner.de\" \/>\n<meta property=\"article:published_time\" content=\"2026-04-29T10:30:00+00:00\" \/>\n<meta property=\"article:modified_time\" content=\"2026-04-29T12:16:45+00:00\" \/>\n<meta property=\"og:image\" content=\"https:\/\/frankrechsteiner.de\/wp-content\/uploads\/2026\/04\/72-scaled.jpeg\" \/>\n\t<meta property=\"og:image:width\" content=\"2560\" \/>\n\t<meta property=\"og:image:height\" content=\"1440\" \/>\n\t<meta property=\"og:image:type\" content=\"image\/jpeg\" \/>\n<meta name=\"author\" content=\"frankrechsteiner\" \/>\n<meta name=\"twitter:card\" content=\"summary_large_image\" \/>\n<meta name=\"twitter:label1\" content=\"Written by\" \/>\n\t<meta name=\"twitter:data1\" content=\"frankrechsteiner\" \/>\n\t<meta name=\"twitter:label2\" content=\"Est. reading time\" \/>\n\t<meta name=\"twitter:data2\" content=\"1 minute\" \/>\n<script type=\"application\/ld+json\" class=\"yoast-schema-graph\">{\"@context\":\"https:\\\/\\\/schema.org\",\"@graph\":[{\"@type\":\"Article\",\"@id\":\"https:\\\/\\\/frankrechsteiner.de\\\/en\\\/when-fear-takes-over-and-you-can-no-longer-control-anything\\\/#article\",\"isPartOf\":{\"@id\":\"https:\\\/\\\/frankrechsteiner.de\\\/en\\\/when-fear-takes-over-and-you-can-no-longer-control-anything\\\/\"},\"author\":{\"name\":\"frankrechsteiner\",\"@id\":\"https:\\\/\\\/frankrechsteiner.de\\\/en\\\/#\\\/schema\\\/person\\\/fc7d2ccc695caeb6276ccd7eedacdc96\"},\"headline\":\"When fear takes over and you can no longer control anything\",\"datePublished\":\"2026-04-29T10:30:00+00:00\",\"dateModified\":\"2026-04-29T12:16:45+00:00\",\"mainEntityOfPage\":{\"@id\":\"https:\\\/\\\/frankrechsteiner.de\\\/en\\\/when-fear-takes-over-and-you-can-no-longer-control-anything\\\/\"},\"wordCount\":307,\"image\":{\"@id\":\"https:\\\/\\\/frankrechsteiner.de\\\/en\\\/when-fear-takes-over-and-you-can-no-longer-control-anything\\\/#primaryimage\"},\"thumbnailUrl\":\"https:\\\/\\\/frankrechsteiner.de\\\/wp-content\\\/uploads\\\/2026\\\/04\\\/This-is-what-fear-feels-like-\u2013-and-Id-lost-all-control-scaled.png\",\"keywords\":[\"Fear\",\"Life\",\"Loss of control\",\"Opportunity\",\"Survival mode\"],\"articleSection\":[\"Blog\"],\"inLanguage\":\"en-US\"},{\"@type\":\"WebPage\",\"@id\":\"https:\\\/\\\/frankrechsteiner.de\\\/en\\\/when-fear-takes-over-and-you-can-no-longer-control-anything\\\/\",\"url\":\"https:\\\/\\\/frankrechsteiner.de\\\/en\\\/when-fear-takes-over-and-you-can-no-longer-control-anything\\\/\",\"name\":\"When fear takes over and you can no longer control anything - frankrechsteiner.de\",\"isPartOf\":{\"@id\":\"https:\\\/\\\/frankrechsteiner.de\\\/en\\\/#website\"},\"primaryImageOfPage\":{\"@id\":\"https:\\\/\\\/frankrechsteiner.de\\\/en\\\/when-fear-takes-over-and-you-can-no-longer-control-anything\\\/#primaryimage\"},\"image\":{\"@id\":\"https:\\\/\\\/frankrechsteiner.de\\\/en\\\/when-fear-takes-over-and-you-can-no-longer-control-anything\\\/#primaryimage\"},\"thumbnailUrl\":\"https:\\\/\\\/frankrechsteiner.de\\\/wp-content\\\/uploads\\\/2026\\\/04\\\/This-is-what-fear-feels-like-\u2013-and-Id-lost-all-control-scaled.png\",\"datePublished\":\"2026-04-29T10:30:00+00:00\",\"dateModified\":\"2026-04-29T12:16:45+00:00\",\"author\":{\"@id\":\"https:\\\/\\\/frankrechsteiner.de\\\/en\\\/#\\\/schema\\\/person\\\/fc7d2ccc695caeb6276ccd7eedacdc96\"},\"breadcrumb\":{\"@id\":\"https:\\\/\\\/frankrechsteiner.de\\\/en\\\/when-fear-takes-over-and-you-can-no-longer-control-anything\\\/#breadcrumb\"},\"inLanguage\":\"en-US\",\"potentialAction\":[{\"@type\":\"ReadAction\",\"target\":[\"https:\\\/\\\/frankrechsteiner.de\\\/en\\\/when-fear-takes-over-and-you-can-no-longer-control-anything\\\/\"]}]},{\"@type\":\"ImageObject\",\"inLanguage\":\"en-US\",\"@id\":\"https:\\\/\\\/frankrechsteiner.de\\\/en\\\/when-fear-takes-over-and-you-can-no-longer-control-anything\\\/#primaryimage\",\"url\":\"https:\\\/\\\/frankrechsteiner.de\\\/wp-content\\\/uploads\\\/2026\\\/04\\\/This-is-what-fear-feels-like-\u2013-and-Id-lost-all-control-scaled.png\",\"contentUrl\":\"https:\\\/\\\/frankrechsteiner.de\\\/wp-content\\\/uploads\\\/2026\\\/04\\\/This-is-what-fear-feels-like-\u2013-and-Id-lost-all-control-scaled.png\",\"width\":2560,\"height\":1440,\"caption\":\"This is what fear feels like\"},{\"@type\":\"BreadcrumbList\",\"@id\":\"https:\\\/\\\/frankrechsteiner.de\\\/en\\\/when-fear-takes-over-and-you-can-no-longer-control-anything\\\/#breadcrumb\",\"itemListElement\":[{\"@type\":\"ListItem\",\"position\":1,\"name\":\"Home\",\"item\":\"https:\\\/\\\/frankrechsteiner.de\\\/en\\\/home-3\\\/\"},{\"@type\":\"ListItem\",\"position\":2,\"name\":\"When fear takes over and you can no longer control anything\"}]},{\"@type\":\"WebSite\",\"@id\":\"https:\\\/\\\/frankrechsteiner.de\\\/en\\\/#website\",\"url\":\"https:\\\/\\\/frankrechsteiner.de\\\/en\\\/\",\"name\":\"frankrechsteiner.de\",\"description\":\"Potenzialaktivierer f\u00fcr M\u00e4nner in F\u00fchrung und Unternehmen.\",\"potentialAction\":[{\"@type\":\"SearchAction\",\"target\":{\"@type\":\"EntryPoint\",\"urlTemplate\":\"https:\\\/\\\/frankrechsteiner.de\\\/en\\\/?s={search_term_string}\"},\"query-input\":{\"@type\":\"PropertyValueSpecification\",\"valueRequired\":true,\"valueName\":\"search_term_string\"}}],\"inLanguage\":\"en-US\"},{\"@type\":\"Person\",\"@id\":\"https:\\\/\\\/frankrechsteiner.de\\\/en\\\/#\\\/schema\\\/person\\\/fc7d2ccc695caeb6276ccd7eedacdc96\",\"name\":\"frankrechsteiner\",\"image\":{\"@type\":\"ImageObject\",\"inLanguage\":\"en-US\",\"@id\":\"https:\\\/\\\/secure.gravatar.com\\\/avatar\\\/98601ef413f7f53de83420bc6cf4bcbab971169c0be1826292bf167c47f2a045?s=96&d=mm&r=g\",\"url\":\"https:\\\/\\\/secure.gravatar.com\\\/avatar\\\/98601ef413f7f53de83420bc6cf4bcbab971169c0be1826292bf167c47f2a045?s=96&d=mm&r=g\",\"contentUrl\":\"https:\\\/\\\/secure.gravatar.com\\\/avatar\\\/98601ef413f7f53de83420bc6cf4bcbab971169c0be1826292bf167c47f2a045?s=96&d=mm&r=g\",\"caption\":\"frankrechsteiner\"},\"url\":\"https:\\\/\\\/frankrechsteiner.de\\\/en\\\/author\\\/frankrechsteiner\\\/\"}]}<\/script>\n<!-- \/ Yoast SEO plugin. -->","yoast_head_json":{"title":"When fear takes over and you can no longer control anything - frankrechsteiner.de","robots":{"index":"index","follow":"follow","max-snippet":"max-snippet:-1","max-image-preview":"max-image-preview:large","max-video-preview":"max-video-preview:-1"},"canonical":"https:\/\/frankrechsteiner.de\/en\/when-fear-takes-over-and-you-can-no-longer-control-anything\/","og_locale":"en_US","og_type":"article","og_title":"When fear takes over and you can no longer control anything - frankrechsteiner.de","og_description":"Many of us believe that we have no fears at all or that we at least have our fears well under control. In the new episode of Men in Crisis, we look at why this is often not the case and how fear controls us both consciously and unconsciously. There was a situation on my [&hellip;]","og_url":"https:\/\/frankrechsteiner.de\/en\/when-fear-takes-over-and-you-can-no-longer-control-anything\/","og_site_name":"frankrechsteiner.de","article_published_time":"2026-04-29T10:30:00+00:00","article_modified_time":"2026-04-29T12:16:45+00:00","og_image":[{"width":2560,"height":1440,"url":"https:\/\/frankrechsteiner.de\/wp-content\/uploads\/2026\/04\/72-scaled.jpeg","type":"image\/jpeg"}],"author":"frankrechsteiner","twitter_card":"summary_large_image","twitter_misc":{"Written by":"frankrechsteiner","Est. reading time":"1 minute"},"schema":{"@context":"https:\/\/schema.org","@graph":[{"@type":"Article","@id":"https:\/\/frankrechsteiner.de\/en\/when-fear-takes-over-and-you-can-no-longer-control-anything\/#article","isPartOf":{"@id":"https:\/\/frankrechsteiner.de\/en\/when-fear-takes-over-and-you-can-no-longer-control-anything\/"},"author":{"name":"frankrechsteiner","@id":"https:\/\/frankrechsteiner.de\/en\/#\/schema\/person\/fc7d2ccc695caeb6276ccd7eedacdc96"},"headline":"When fear takes over and you can no longer control anything","datePublished":"2026-04-29T10:30:00+00:00","dateModified":"2026-04-29T12:16:45+00:00","mainEntityOfPage":{"@id":"https:\/\/frankrechsteiner.de\/en\/when-fear-takes-over-and-you-can-no-longer-control-anything\/"},"wordCount":307,"image":{"@id":"https:\/\/frankrechsteiner.de\/en\/when-fear-takes-over-and-you-can-no-longer-control-anything\/#primaryimage"},"thumbnailUrl":"https:\/\/frankrechsteiner.de\/wp-content\/uploads\/2026\/04\/This-is-what-fear-feels-like-\u2013-and-Id-lost-all-control-scaled.png","keywords":["Fear","Life","Loss of control","Opportunity","Survival mode"],"articleSection":["Blog"],"inLanguage":"en-US"},{"@type":"WebPage","@id":"https:\/\/frankrechsteiner.de\/en\/when-fear-takes-over-and-you-can-no-longer-control-anything\/","url":"https:\/\/frankrechsteiner.de\/en\/when-fear-takes-over-and-you-can-no-longer-control-anything\/","name":"When fear takes over and you can no longer control anything - frankrechsteiner.de","isPartOf":{"@id":"https:\/\/frankrechsteiner.de\/en\/#website"},"primaryImageOfPage":{"@id":"https:\/\/frankrechsteiner.de\/en\/when-fear-takes-over-and-you-can-no-longer-control-anything\/#primaryimage"},"image":{"@id":"https:\/\/frankrechsteiner.de\/en\/when-fear-takes-over-and-you-can-no-longer-control-anything\/#primaryimage"},"thumbnailUrl":"https:\/\/frankrechsteiner.de\/wp-content\/uploads\/2026\/04\/This-is-what-fear-feels-like-\u2013-and-Id-lost-all-control-scaled.png","datePublished":"2026-04-29T10:30:00+00:00","dateModified":"2026-04-29T12:16:45+00:00","author":{"@id":"https:\/\/frankrechsteiner.de\/en\/#\/schema\/person\/fc7d2ccc695caeb6276ccd7eedacdc96"},"breadcrumb":{"@id":"https:\/\/frankrechsteiner.de\/en\/when-fear-takes-over-and-you-can-no-longer-control-anything\/#breadcrumb"},"inLanguage":"en-US","potentialAction":[{"@type":"ReadAction","target":["https:\/\/frankrechsteiner.de\/en\/when-fear-takes-over-and-you-can-no-longer-control-anything\/"]}]},{"@type":"ImageObject","inLanguage":"en-US","@id":"https:\/\/frankrechsteiner.de\/en\/when-fear-takes-over-and-you-can-no-longer-control-anything\/#primaryimage","url":"https:\/\/frankrechsteiner.de\/wp-content\/uploads\/2026\/04\/This-is-what-fear-feels-like-\u2013-and-Id-lost-all-control-scaled.png","contentUrl":"https:\/\/frankrechsteiner.de\/wp-content\/uploads\/2026\/04\/This-is-what-fear-feels-like-\u2013-and-Id-lost-all-control-scaled.png","width":2560,"height":1440,"caption":"This is what fear feels like"},{"@type":"BreadcrumbList","@id":"https:\/\/frankrechsteiner.de\/en\/when-fear-takes-over-and-you-can-no-longer-control-anything\/#breadcrumb","itemListElement":[{"@type":"ListItem","position":1,"name":"Home","item":"https:\/\/frankrechsteiner.de\/en\/home-3\/"},{"@type":"ListItem","position":2,"name":"When fear takes over and you can no longer control anything"}]},{"@type":"WebSite","@id":"https:\/\/frankrechsteiner.de\/en\/#website","url":"https:\/\/frankrechsteiner.de\/en\/","name":"frankrechsteiner.de","description":"Potenzialaktivierer f\u00fcr M\u00e4nner in F\u00fchrung und Unternehmen.","potentialAction":[{"@type":"SearchAction","target":{"@type":"EntryPoint","urlTemplate":"https:\/\/frankrechsteiner.de\/en\/?s={search_term_string}"},"query-input":{"@type":"PropertyValueSpecification","valueRequired":true,"valueName":"search_term_string"}}],"inLanguage":"en-US"},{"@type":"Person","@id":"https:\/\/frankrechsteiner.de\/en\/#\/schema\/person\/fc7d2ccc695caeb6276ccd7eedacdc96","name":"frankrechsteiner","image":{"@type":"ImageObject","inLanguage":"en-US","@id":"https:\/\/secure.gravatar.com\/avatar\/98601ef413f7f53de83420bc6cf4bcbab971169c0be1826292bf167c47f2a045?s=96&d=mm&r=g","url":"https:\/\/secure.gravatar.com\/avatar\/98601ef413f7f53de83420bc6cf4bcbab971169c0be1826292bf167c47f2a045?s=96&d=mm&r=g","contentUrl":"https:\/\/secure.gravatar.com\/avatar\/98601ef413f7f53de83420bc6cf4bcbab971169c0be1826292bf167c47f2a045?s=96&d=mm&r=g","caption":"frankrechsteiner"},"url":"https:\/\/frankrechsteiner.de\/en\/author\/frankrechsteiner\/"}]}},"_links":{"self":[{"href":"https:\/\/frankrechsteiner.de\/en\/wp-json\/wp\/v2\/posts\/5653","targetHints":{"allow":["GET"]}}],"collection":[{"href":"https:\/\/frankrechsteiner.de\/en\/wp-json\/wp\/v2\/posts"}],"about":[{"href":"https:\/\/frankrechsteiner.de\/en\/wp-json\/wp\/v2\/types\/post"}],"author":[{"embeddable":true,"href":"https:\/\/frankrechsteiner.de\/en\/wp-json\/wp\/v2\/users\/4"}],"replies":[{"embeddable":true,"href":"https:\/\/frankrechsteiner.de\/en\/wp-json\/wp\/v2\/comments?post=5653"}],"version-history":[{"count":1,"href":"https:\/\/frankrechsteiner.de\/en\/wp-json\/wp\/v2\/posts\/5653\/revisions"}],"predecessor-version":[{"id":5654,"href":"https:\/\/frankrechsteiner.de\/en\/wp-json\/wp\/v2\/posts\/5653\/revisions\/5654"}],"wp:featuredmedia":[{"embeddable":true,"href":"https:\/\/frankrechsteiner.de\/en\/wp-json\/wp\/v2\/media\/5652"}],"wp:attachment":[{"href":"https:\/\/frankrechsteiner.de\/en\/wp-json\/wp\/v2\/media?parent=5653"}],"wp:term":[{"taxonomy":"category","embeddable":true,"href":"https:\/\/frankrechsteiner.de\/en\/wp-json\/wp\/v2\/categories?post=5653"},{"taxonomy":"post_tag","embeddable":true,"href":"https:\/\/frankrechsteiner.de\/en\/wp-json\/wp\/v2\/tags?post=5653"}],"curies":[{"name":"wp","href":"https:\/\/api.w.org\/{rel}","templated":true}]}}